{"id":10086631,"date":"2026-07-09T09:02:58","date_gmt":"2026-07-09T07:02:58","guid":{"rendered":"https:\/\/dil-ev.de\/etti-marketsprint-2026-opens-application-period-for-europes-foodtech-startups\/"},"modified":"2026-07-21T19:54:38","modified_gmt":"2026-07-21T17:54:38","slug":"etti-marketsprint-2026-opens-application-period-for-europes-foodtech-startups","status":"publish","type":"post","link":"https:\/\/dil-ev.de\/en\/etti-marketsprint-2026-opens-application-period-for-europes-foodtech-startups\/","title":{"rendered":"ETTI MarketSprint 2026 Opens Application Period for Europe&#8217;s FoodTech Startups"},"content":{"rendered":"<div class=\"wpb-content-wrapper\">[vc_row full_width=&#8221;stretch_row_content_no_spaces&#8221;][vc_column el_class=&#8221;padding-top padding-left-right-more&#8221;][vc_row_inner][vc_column_inner]<div class=\"gusta-post-meta gusta-align-left  \"><p class=\"el-1920041191696f97d1221ae ss-element gusta-post-date show-show datum-font-news\"><a href=\"\"><\/a><\/p><\/div><div class=\"gusta-clear gusta-mobile-clear\"><\/div>[\/vc_column_inner][\/vc_row_inner][\/vc_column][\/vc_row][vc_row full_width=&#8221;stretch_row_content_no_spaces&#8221;][vc_column el_class=&#8221;padding-top-less padding-left-right-newsbildbanner&#8221;][vc_row_inner equal_height=&#8221;yes&#8221; gap=&#8221;25&#8243;][vc_column_inner width=&#8221;1\/2&#8243;][vc_single_image source=&#8221;featured_image&#8221; img_size=&#8221;1280&#215;720&#8243; alignment=&#8221;center&#8221; css=&#8221;&#8221;][\/vc_column_inner][vc_column_inner width=&#8221;1\/2&#8243; css=&#8221;.vc_custom_1770723495401{border-top-width: 5px !important;border-bottom-width: 5px !important;border-top-style: solid !important;border-bottom-style: solid !important;border-color: #E4F2D0 !important;}&#8221;][\/vc_column_inner][\/vc_row_inner][\/vc_column][\/vc_row][vc_row full_width=&#8221;stretch_row_content_no_spaces&#8221;][vc_column el_class=&#8221;padding-top-less padding-left-right-newsbildbanner hide-under-991&#8243;][vc_row_inner][vc_column_inner width=&#8221;1\/2&#8243;][\/vc_column_inner][vc_column_inner width=&#8221;1\/2&#8243;][\/vc_column_inner][\/vc_row_inner][\/vc_column][\/vc_row][vc_row full_width=&#8221;stretch_row_content_no_spaces&#8221;][vc_column el_class=&#8221;padding-left-right-more&#8221;][vc_row_inner][vc_column_inner][\/vc_column_inner][\/vc_row_inner][\/vc_column][\/vc_row][vc_row full_width=&#8221;stretch_row_content_no_spaces&#8221; el_id=&#8221;Extra photo&#8221;][vc_column el_class=&#8221;padding-top-less padding-bottom-less padding-left-right-more&#8221;][vc_row_inner][vc_column_inner][\/vc_column_inner][\/vc_row_inner][\/vc_column][\/vc_row][vc_row full_width=&#8221;stretch_row_content_no_spaces&#8221; el_id=&#8221;Link&#8221; css=&#8221;.vc_custom_1768905754307{background-color: #ECF0EE80 !important;}&#8221;][vc_column el_class=&#8221;padding-top-less padding-left-right-more&#8221;][vc_row_inner][vc_column_inner][vc_column_text css=&#8221;&#8221; el_class=&#8221;download-uberschrift uberschrift-less&#8221;]Link[\/vc_column_text][\/vc_column_inner][\/vc_row_inner][\/vc_column][\/vc_row][vc_row full_width=&#8221;stretch_row_content_no_spaces&#8221; css=&#8221;.vc_custom_1770894111972{background-color: #ECF0EE80 !important;}&#8221; el_class=&#8221;Download&#8221; el_id=&#8221;Download&#8221;][vc_column el_class=&#8221;padding-top-less padding-bottom-less padding-left-right-more&#8221;][vc_row_inner][vc_column_inner][vc_column_text css=&#8221;&#8221; el_class=&#8221;download-uberschrift uberschrift-less&#8221;]Download[\/vc_column_text][\/vc_column_inner][\/vc_row_inner][\/vc_column][\/vc_row][vc_row full_width=&#8221;stretch_row_content_no_spaces&#8221;][vc_column el_class=&#8221;padding-top padding-bottom-less padding-left-right-more&#8221;][vc_row_inner][vc_column_inner css=&#8221;.vc_custom_1768905835820{margin-top: 0em !important;margin-bottom: 0em !important;padding-top: 0em !important;padding-bottom: 0em !important;}&#8221;]<div class=\"gusta-align-left  \"><a href=\"https:\/\/dil-ev.de\/institut\/news\/\" title=\"News\" class=\"el-1601183149696f97d1221e3  ss-element gusta-read-more-button gusta-icon-link gusta-has-span show-show ani-fade linked\"><i class=\"vc-material vc-material-arrow_forward\" aria-hidden=\"true\"><\/i> <span>Zur\u00fcck zu den News<\/span> <\/a><\/div><div class=\"gusta-clear gusta-mobile-clear\"><\/div>[\/vc_column_inner][\/vc_row_inner][\/vc_column][\/vc_row]\n<\/div>","protected":false},"excerpt":{"rendered":"<p>[vc_row full_width=&#8221;stretch_row_content_no_spaces&#8221;][vc_column el_class=&#8221;padding-top padding-left-right-more&#8221;][vc_row_inner][vc_column_inner][\/vc_column_inner][\/vc_row_inner][\/vc_column][\/vc_row][vc_row full_width=&#8221;stretch_row_content_no_spaces&#8221;][vc_column el_class=&#8221;padding-top-less padding-left-right-newsbildbanner&#8221;][vc_row_inner equal_height=&#8221;yes&#8221; gap=&#8221;25&#8243;][vc_column_inner width=&#8221;1\/2&#8243;][vc_single_image source=&#8221;featured_image&#8221; img_size=&#8221;1280&#215;720&#8243; alignment=&#8221;center&#8221; css=&#8221;&#8221;][\/vc_column_inner][vc_column_inner width=&#8221;1\/2&#8243; css=&#8221;.vc_custom_1770723495401{border-top-width: 5px !important;border-bottom-width: 5px !important;border-top-style: solid !important;border-bottom-style: solid !important;border-color: #E4F2D0 !important;}&#8221;][\/vc_column_inner][\/vc_row_inner][\/vc_column][\/vc_row][vc_row<span class=\"excerpt-hellip\"> [\u2026]<\/span><\/p>\n","protected":false},"author":1,"featured_media":10086497,"comment_status":"closed","ping_status":"closed","sticky":false,"template":"","format":"standard","meta":{"_acf_changed":false,"footnotes":""},"categories":[54],"tags":[],"wf_post_folders":[18],"class_list":["post-10086631","post","type-post","status-publish","format-standard","has-post-thumbnail","hentry","category-news"],"acf":[],"yoast_head":"<!-- This site is optimized with the Yoast SEO plugin v27.9 - https:\/\/yoast.com\/product\/yoast-seo-wordpress\/ -->\n<title>ETTI MarketSprint 2026 Opens Application Period for Europe&#039;s FoodTech Startups - DIL Deutsches Institut f\u00fcr Lebensmitteltechnik e. V.<\/title>\n<meta name=\"robots\" content=\"index, follow, max-snippet:-1, max-image-preview:large, max-video-preview:-1\" \/>\n<link rel=\"canonical\" href=\"https:\/\/dil-ev.de\/en\/etti-marketsprint-2026-opens-application-period-for-europes-foodtech-startups\/\" \/>\n<meta property=\"og:locale\" content=\"en_US\" \/>\n<meta property=\"og:type\" content=\"article\" \/>\n<meta property=\"og:title\" content=\"ETTI MarketSprint 2026 Opens Application Period for Europe&#039;s FoodTech Startups - DIL Deutsches Institut f\u00fcr Lebensmitteltechnik e. V.\" \/>\n<meta property=\"og:description\" content=\"[vc_row full_width=&#8221;stretch_row_content_no_spaces&#8221;][vc_column el_class=&#8221;padding-top padding-left-right-more&#8221;][vc_row_inner][vc_column_inner][\/vc_column_inner][\/vc_row_inner][\/vc_column][\/vc_row][vc_row full_width=&#8221;stretch_row_content_no_spaces&#8221;][vc_column el_class=&#8221;padding-top-less padding-left-right-newsbildbanner&#8221;][vc_row_inner equal_height=&#8221;yes&#8221; gap=&#8221;25&#8243;][vc_column_inner width=&#8221;1\/2&#8243;][vc_single_image source=&#8221;featured_image&#8221; img_size=&#8221;1280&#215;720&#8243; alignment=&#8221;center&#8221; css=&#8221;&#8221;][\/vc_column_inner][vc_column_inner width=&#8221;1\/2&#8243; css=&#8221;.vc_custom_1770723495401{border-top-width: 5px !important;border-bottom-width: 5px !important;border-top-style: solid !important;border-bottom-style: solid !important;border-color: #E4F2D0 !important;}&#8221;][\/vc_column_inner][\/vc_row_inner][\/vc_column][\/vc_row][vc_row [\u2026]\" \/>\n<meta property=\"og:url\" content=\"https:\/\/dil-ev.de\/en\/etti-marketsprint-2026-opens-application-period-for-europes-foodtech-startups\/\" \/>\n<meta property=\"og:site_name\" content=\"DIL Deutsches Institut f\u00fcr Lebensmitteltechnik e. V.\" \/>\n<meta property=\"article:published_time\" content=\"2026-07-09T07:02:58+00:00\" \/>\n<meta property=\"article:modified_time\" content=\"2026-07-21T17:54:38+00:00\" \/>\n<meta property=\"og:image\" content=\"https:\/\/dil-ev.de\/wp-content\/uploads\/2026\/07\/dil-ev-news-ETTI-MarketSprint-2026-startet-Bewerbungsphase-fuer-Europas-FoodTech-Startups.jpg\" \/>\n\t<meta property=\"og:image:width\" content=\"1280\" \/>\n\t<meta property=\"og:image:height\" content=\"720\" \/>\n\t<meta property=\"og:image:type\" content=\"image\/jpeg\" \/>\n<meta name=\"author\" content=\"p686707\" \/>\n<meta name=\"twitter:card\" content=\"summary_large_image\" \/>\n<meta name=\"twitter:label1\" content=\"Written by\" \/>\n\t<meta name=\"twitter:data1\" content=\"p686707\" \/>\n\t<meta name=\"twitter:label2\" content=\"Est. reading time\" \/>\n\t<meta name=\"twitter:data2\" content=\"4 minutes\" \/>\n<script type=\"application\/ld+json\" class=\"yoast-schema-graph\">{\"@context\":\"https:\\\/\\\/schema.org\",\"@graph\":[{\"@type\":\"Article\",\"@id\":\"https:\\\/\\\/dil-ev.de\\\/en\\\/etti-marketsprint-2026-opens-application-period-for-europes-foodtech-startups\\\/#article\",\"isPartOf\":{\"@id\":\"https:\\\/\\\/dil-ev.de\\\/en\\\/etti-marketsprint-2026-opens-application-period-for-europes-foodtech-startups\\\/\"},\"author\":{\"name\":\"p686707\",\"@id\":\"https:\\\/\\\/dil-ev.de\\\/en\\\/#\\\/schema\\\/person\\\/605f1556d75bf92dbc81b3df555922b1\"},\"headline\":\"ETTI MarketSprint 2026 Opens Application Period for Europe&#8217;s FoodTech Startups\",\"datePublished\":\"2026-07-09T07:02:58+00:00\",\"dateModified\":\"2026-07-21T17:54:38+00:00\",\"mainEntityOfPage\":{\"@id\":\"https:\\\/\\\/dil-ev.de\\\/en\\\/etti-marketsprint-2026-opens-application-period-for-europes-foodtech-startups\\\/\"},\"wordCount\":902,\"publisher\":{\"@id\":\"https:\\\/\\\/dil-ev.de\\\/en\\\/#organization\"},\"image\":{\"@id\":\"https:\\\/\\\/dil-ev.de\\\/en\\\/etti-marketsprint-2026-opens-application-period-for-europes-foodtech-startups\\\/#primaryimage\"},\"thumbnailUrl\":\"https:\\\/\\\/dil-ev.de\\\/wp-content\\\/uploads\\\/2026\\\/07\\\/dil-ev-news-ETTI-MarketSprint-2026-startet-Bewerbungsphase-fuer-Europas-FoodTech-Startups.jpg\",\"articleSection\":[\"News\"],\"inLanguage\":\"en-US\"},{\"@type\":\"WebPage\",\"@id\":\"https:\\\/\\\/dil-ev.de\\\/en\\\/etti-marketsprint-2026-opens-application-period-for-europes-foodtech-startups\\\/\",\"url\":\"https:\\\/\\\/dil-ev.de\\\/en\\\/etti-marketsprint-2026-opens-application-period-for-europes-foodtech-startups\\\/\",\"name\":\"ETTI MarketSprint 2026 Opens Application Period for Europe's FoodTech Startups - DIL Deutsches Institut f\u00fcr Lebensmitteltechnik e. V.\",\"isPartOf\":{\"@id\":\"https:\\\/\\\/dil-ev.de\\\/en\\\/#website\"},\"primaryImageOfPage\":{\"@id\":\"https:\\\/\\\/dil-ev.de\\\/en\\\/etti-marketsprint-2026-opens-application-period-for-europes-foodtech-startups\\\/#primaryimage\"},\"image\":{\"@id\":\"https:\\\/\\\/dil-ev.de\\\/en\\\/etti-marketsprint-2026-opens-application-period-for-europes-foodtech-startups\\\/#primaryimage\"},\"thumbnailUrl\":\"https:\\\/\\\/dil-ev.de\\\/wp-content\\\/uploads\\\/2026\\\/07\\\/dil-ev-news-ETTI-MarketSprint-2026-startet-Bewerbungsphase-fuer-Europas-FoodTech-Startups.jpg\",\"datePublished\":\"2026-07-09T07:02:58+00:00\",\"dateModified\":\"2026-07-21T17:54:38+00:00\",\"breadcrumb\":{\"@id\":\"https:\\\/\\\/dil-ev.de\\\/en\\\/etti-marketsprint-2026-opens-application-period-for-europes-foodtech-startups\\\/#breadcrumb\"},\"inLanguage\":\"en-US\",\"potentialAction\":[{\"@type\":\"ReadAction\",\"target\":[\"https:\\\/\\\/dil-ev.de\\\/en\\\/etti-marketsprint-2026-opens-application-period-for-europes-foodtech-startups\\\/\"]}]},{\"@type\":\"ImageObject\",\"inLanguage\":\"en-US\",\"@id\":\"https:\\\/\\\/dil-ev.de\\\/en\\\/etti-marketsprint-2026-opens-application-period-for-europes-foodtech-startups\\\/#primaryimage\",\"url\":\"https:\\\/\\\/dil-ev.de\\\/wp-content\\\/uploads\\\/2026\\\/07\\\/dil-ev-news-ETTI-MarketSprint-2026-startet-Bewerbungsphase-fuer-Europas-FoodTech-Startups.jpg\",\"contentUrl\":\"https:\\\/\\\/dil-ev.de\\\/wp-content\\\/uploads\\\/2026\\\/07\\\/dil-ev-news-ETTI-MarketSprint-2026-startet-Bewerbungsphase-fuer-Europas-FoodTech-Startups.jpg\",\"width\":1280,\"height\":720},{\"@type\":\"BreadcrumbList\",\"@id\":\"https:\\\/\\\/dil-ev.de\\\/en\\\/etti-marketsprint-2026-opens-application-period-for-europes-foodtech-startups\\\/#breadcrumb\",\"itemListElement\":[{\"@type\":\"ListItem\",\"position\":1,\"name\":\"Startseite\",\"item\":\"https:\\\/\\\/dil-ev.de\\\/en\\\/\"},{\"@type\":\"ListItem\",\"position\":2,\"name\":\"ETTI MarketSprint 2026 Opens Application Period for Europe&#8217;s FoodTech Startups\"}]},{\"@type\":\"WebSite\",\"@id\":\"https:\\\/\\\/dil-ev.de\\\/en\\\/#website\",\"url\":\"https:\\\/\\\/dil-ev.de\\\/en\\\/\",\"name\":\"DIL Deutsches Institut f\u00fcr Lebensmitteltechnik e.V.\",\"description\":\"Forschungsinstitut f\u00fcr Lebensmitteltechnik in Quakenbr\u00fcck\",\"publisher\":{\"@id\":\"https:\\\/\\\/dil-ev.de\\\/en\\\/#organization\"},\"potentialAction\":[{\"@type\":\"SearchAction\",\"target\":{\"@type\":\"EntryPoint\",\"urlTemplate\":\"https:\\\/\\\/dil-ev.de\\\/en\\\/?s={search_term_string}\"},\"query-input\":{\"@type\":\"PropertyValueSpecification\",\"valueRequired\":true,\"valueName\":\"search_term_string\"}}],\"inLanguage\":\"en-US\"},{\"@type\":\"Organization\",\"@id\":\"https:\\\/\\\/dil-ev.de\\\/en\\\/#organization\",\"name\":\"DIL Deutsches Institut f\u00fcr Lebensmitteltechnik e.V.\",\"alternateName\":\"DIL e. V.\",\"url\":\"https:\\\/\\\/dil-ev.de\\\/en\\\/\",\"logo\":{\"@type\":\"ImageObject\",\"inLanguage\":\"en-US\",\"@id\":\"https:\\\/\\\/dil-ev.de\\\/en\\\/#\\\/schema\\\/logo\\\/image\\\/\",\"url\":\"https:\\\/\\\/dil-ev.de\\\/wp-content\\\/uploads\\\/2026\\\/02\\\/Dil-ev-favicon-yost-small.jpg\",\"contentUrl\":\"https:\\\/\\\/dil-ev.de\\\/wp-content\\\/uploads\\\/2026\\\/02\\\/Dil-ev-favicon-yost-small.jpg\",\"width\":696,\"height\":696,\"caption\":\"DIL Deutsches Institut f\u00fcr Lebensmitteltechnik e.V.\"},\"image\":{\"@id\":\"https:\\\/\\\/dil-ev.de\\\/en\\\/#\\\/schema\\\/logo\\\/image\\\/\"},\"sameAs\":[\"https:\\\/\\\/www.instagram.com\\\/dil_e.v\\\/\",\"https:\\\/\\\/www.linkedin.com\\\/company\\\/deutsches-institut-f-r-lebensmitteltechnik-e-v-\\\/posts\\\/?feedView=all\"]},{\"@type\":\"Person\",\"@id\":\"https:\\\/\\\/dil-ev.de\\\/en\\\/#\\\/schema\\\/person\\\/605f1556d75bf92dbc81b3df555922b1\",\"name\":\"p686707\",\"image\":{\"@type\":\"ImageObject\",\"inLanguage\":\"en-US\",\"@id\":\"https:\\\/\\\/secure.gravatar.com\\\/avatar\\\/a6a523cd037e7898cb8b159e485c7d5e6f3c5d7fb28da612ca5f93e96cc32cf2?s=96&d=mm&r=g\",\"url\":\"https:\\\/\\\/secure.gravatar.com\\\/avatar\\\/a6a523cd037e7898cb8b159e485c7d5e6f3c5d7fb28da612ca5f93e96cc32cf2?s=96&d=mm&r=g\",\"contentUrl\":\"https:\\\/\\\/secure.gravatar.com\\\/avatar\\\/a6a523cd037e7898cb8b159e485c7d5e6f3c5d7fb28da612ca5f93e96cc32cf2?s=96&d=mm&r=g\",\"caption\":\"p686707\"},\"sameAs\":[\"http:\\\/\\\/wordpress.p686707.webspaceconfig.de\"],\"url\":\"https:\\\/\\\/dil-ev.de\\\/en\\\/author\\\/p686707\\\/\"}]}<\/script>\n<!-- \/ Yoast SEO plugin. -->","yoast_head_json":{"title":"ETTI MarketSprint 2026 Opens Application Period for Europe's FoodTech Startups - DIL Deutsches Institut f\u00fcr Lebensmitteltechnik e. V.","robots":{"index":"index","follow":"follow","max-snippet":"max-snippet:-1","max-image-preview":"max-image-preview:large","max-video-preview":"max-video-preview:-1"},"canonical":"https:\/\/dil-ev.de\/en\/etti-marketsprint-2026-opens-application-period-for-europes-foodtech-startups\/","og_locale":"en_US","og_type":"article","og_title":"ETTI MarketSprint 2026 Opens Application Period for Europe's FoodTech Startups - DIL Deutsches Institut f\u00fcr Lebensmitteltechnik e. V.","og_description":"[vc_row full_width=&#8221;stretch_row_content_no_spaces&#8221;][vc_column el_class=&#8221;padding-top padding-left-right-more&#8221;][vc_row_inner][vc_column_inner][\/vc_column_inner][\/vc_row_inner][\/vc_column][\/vc_row][vc_row full_width=&#8221;stretch_row_content_no_spaces&#8221;][vc_column el_class=&#8221;padding-top-less padding-left-right-newsbildbanner&#8221;][vc_row_inner equal_height=&#8221;yes&#8221; gap=&#8221;25&#8243;][vc_column_inner width=&#8221;1\/2&#8243;][vc_single_image source=&#8221;featured_image&#8221; img_size=&#8221;1280&#215;720&#8243; alignment=&#8221;center&#8221; css=&#8221;&#8221;][\/vc_column_inner][vc_column_inner width=&#8221;1\/2&#8243; css=&#8221;.vc_custom_1770723495401{border-top-width: 5px !important;border-bottom-width: 5px !important;border-top-style: solid !important;border-bottom-style: solid !important;border-color: #E4F2D0 !important;}&#8221;][\/vc_column_inner][\/vc_row_inner][\/vc_column][\/vc_row][vc_row [\u2026]","og_url":"https:\/\/dil-ev.de\/en\/etti-marketsprint-2026-opens-application-period-for-europes-foodtech-startups\/","og_site_name":"DIL Deutsches Institut f\u00fcr Lebensmitteltechnik e. V.","article_published_time":"2026-07-09T07:02:58+00:00","article_modified_time":"2026-07-21T17:54:38+00:00","og_image":[{"width":1280,"height":720,"url":"https:\/\/dil-ev.de\/wp-content\/uploads\/2026\/07\/dil-ev-news-ETTI-MarketSprint-2026-startet-Bewerbungsphase-fuer-Europas-FoodTech-Startups.jpg","type":"image\/jpeg"}],"author":"p686707","twitter_card":"summary_large_image","twitter_misc":{"Written by":"p686707","Est. reading time":"4 minutes"},"schema":{"@context":"https:\/\/schema.org","@graph":[{"@type":"Article","@id":"https:\/\/dil-ev.de\/en\/etti-marketsprint-2026-opens-application-period-for-europes-foodtech-startups\/#article","isPartOf":{"@id":"https:\/\/dil-ev.de\/en\/etti-marketsprint-2026-opens-application-period-for-europes-foodtech-startups\/"},"author":{"name":"p686707","@id":"https:\/\/dil-ev.de\/en\/#\/schema\/person\/605f1556d75bf92dbc81b3df555922b1"},"headline":"ETTI MarketSprint 2026 Opens Application Period for Europe&#8217;s FoodTech Startups","datePublished":"2026-07-09T07:02:58+00:00","dateModified":"2026-07-21T17:54:38+00:00","mainEntityOfPage":{"@id":"https:\/\/dil-ev.de\/en\/etti-marketsprint-2026-opens-application-period-for-europes-foodtech-startups\/"},"wordCount":902,"publisher":{"@id":"https:\/\/dil-ev.de\/en\/#organization"},"image":{"@id":"https:\/\/dil-ev.de\/en\/etti-marketsprint-2026-opens-application-period-for-europes-foodtech-startups\/#primaryimage"},"thumbnailUrl":"https:\/\/dil-ev.de\/wp-content\/uploads\/2026\/07\/dil-ev-news-ETTI-MarketSprint-2026-startet-Bewerbungsphase-fuer-Europas-FoodTech-Startups.jpg","articleSection":["News"],"inLanguage":"en-US"},{"@type":"WebPage","@id":"https:\/\/dil-ev.de\/en\/etti-marketsprint-2026-opens-application-period-for-europes-foodtech-startups\/","url":"https:\/\/dil-ev.de\/en\/etti-marketsprint-2026-opens-application-period-for-europes-foodtech-startups\/","name":"ETTI MarketSprint 2026 Opens Application Period for Europe's FoodTech Startups - DIL Deutsches Institut f\u00fcr Lebensmitteltechnik e. V.","isPartOf":{"@id":"https:\/\/dil-ev.de\/en\/#website"},"primaryImageOfPage":{"@id":"https:\/\/dil-ev.de\/en\/etti-marketsprint-2026-opens-application-period-for-europes-foodtech-startups\/#primaryimage"},"image":{"@id":"https:\/\/dil-ev.de\/en\/etti-marketsprint-2026-opens-application-period-for-europes-foodtech-startups\/#primaryimage"},"thumbnailUrl":"https:\/\/dil-ev.de\/wp-content\/uploads\/2026\/07\/dil-ev-news-ETTI-MarketSprint-2026-startet-Bewerbungsphase-fuer-Europas-FoodTech-Startups.jpg","datePublished":"2026-07-09T07:02:58+00:00","dateModified":"2026-07-21T17:54:38+00:00","breadcrumb":{"@id":"https:\/\/dil-ev.de\/en\/etti-marketsprint-2026-opens-application-period-for-europes-foodtech-startups\/#breadcrumb"},"inLanguage":"en-US","potentialAction":[{"@type":"ReadAction","target":["https:\/\/dil-ev.de\/en\/etti-marketsprint-2026-opens-application-period-for-europes-foodtech-startups\/"]}]},{"@type":"ImageObject","inLanguage":"en-US","@id":"https:\/\/dil-ev.de\/en\/etti-marketsprint-2026-opens-application-period-for-europes-foodtech-startups\/#primaryimage","url":"https:\/\/dil-ev.de\/wp-content\/uploads\/2026\/07\/dil-ev-news-ETTI-MarketSprint-2026-startet-Bewerbungsphase-fuer-Europas-FoodTech-Startups.jpg","contentUrl":"https:\/\/dil-ev.de\/wp-content\/uploads\/2026\/07\/dil-ev-news-ETTI-MarketSprint-2026-startet-Bewerbungsphase-fuer-Europas-FoodTech-Startups.jpg","width":1280,"height":720},{"@type":"BreadcrumbList","@id":"https:\/\/dil-ev.de\/en\/etti-marketsprint-2026-opens-application-period-for-europes-foodtech-startups\/#breadcrumb","itemListElement":[{"@type":"ListItem","position":1,"name":"Startseite","item":"https:\/\/dil-ev.de\/en\/"},{"@type":"ListItem","position":2,"name":"ETTI MarketSprint 2026 Opens Application Period for Europe&#8217;s FoodTech Startups"}]},{"@type":"WebSite","@id":"https:\/\/dil-ev.de\/en\/#website","url":"https:\/\/dil-ev.de\/en\/","name":"DIL Deutsches Institut f\u00fcr Lebensmitteltechnik e.V.","description":"Forschungsinstitut f\u00fcr Lebensmitteltechnik in Quakenbr\u00fcck","publisher":{"@id":"https:\/\/dil-ev.de\/en\/#organization"},"potentialAction":[{"@type":"SearchAction","target":{"@type":"EntryPoint","urlTemplate":"https:\/\/dil-ev.de\/en\/?s={search_term_string}"},"query-input":{"@type":"PropertyValueSpecification","valueRequired":true,"valueName":"search_term_string"}}],"inLanguage":"en-US"},{"@type":"Organization","@id":"https:\/\/dil-ev.de\/en\/#organization","name":"DIL Deutsches Institut f\u00fcr Lebensmitteltechnik e.V.","alternateName":"DIL e. V.","url":"https:\/\/dil-ev.de\/en\/","logo":{"@type":"ImageObject","inLanguage":"en-US","@id":"https:\/\/dil-ev.de\/en\/#\/schema\/logo\/image\/","url":"https:\/\/dil-ev.de\/wp-content\/uploads\/2026\/02\/Dil-ev-favicon-yost-small.jpg","contentUrl":"https:\/\/dil-ev.de\/wp-content\/uploads\/2026\/02\/Dil-ev-favicon-yost-small.jpg","width":696,"height":696,"caption":"DIL Deutsches Institut f\u00fcr Lebensmitteltechnik e.V."},"image":{"@id":"https:\/\/dil-ev.de\/en\/#\/schema\/logo\/image\/"},"sameAs":["https:\/\/www.instagram.com\/dil_e.v\/","https:\/\/www.linkedin.com\/company\/deutsches-institut-f-r-lebensmitteltechnik-e-v-\/posts\/?feedView=all"]},{"@type":"Person","@id":"https:\/\/dil-ev.de\/en\/#\/schema\/person\/605f1556d75bf92dbc81b3df555922b1","name":"p686707","image":{"@type":"ImageObject","inLanguage":"en-US","@id":"https:\/\/secure.gravatar.com\/avatar\/a6a523cd037e7898cb8b159e485c7d5e6f3c5d7fb28da612ca5f93e96cc32cf2?s=96&d=mm&r=g","url":"https:\/\/secure.gravatar.com\/avatar\/a6a523cd037e7898cb8b159e485c7d5e6f3c5d7fb28da612ca5f93e96cc32cf2?s=96&d=mm&r=g","contentUrl":"https:\/\/secure.gravatar.com\/avatar\/a6a523cd037e7898cb8b159e485c7d5e6f3c5d7fb28da612ca5f93e96cc32cf2?s=96&d=mm&r=g","caption":"p686707"},"sameAs":["http:\/\/wordpress.p686707.webspaceconfig.de"],"url":"https:\/\/dil-ev.de\/en\/author\/p686707\/"}]}},"_links":{"self":[{"href":"https:\/\/dil-ev.de\/en\/wp-json\/wp\/v2\/posts\/10086631","targetHints":{"allow":["GET"]}}],"collection":[{"href":"https:\/\/dil-ev.de\/en\/wp-json\/wp\/v2\/posts"}],"about":[{"href":"https:\/\/dil-ev.de\/en\/wp-json\/wp\/v2\/types\/post"}],"author":[{"embeddable":true,"href":"https:\/\/dil-ev.de\/en\/wp-json\/wp\/v2\/users\/1"}],"replies":[{"embeddable":true,"href":"https:\/\/dil-ev.de\/en\/wp-json\/wp\/v2\/comments?post=10086631"}],"version-history":[{"count":9,"href":"https:\/\/dil-ev.de\/en\/wp-json\/wp\/v2\/posts\/10086631\/revisions"}],"predecessor-version":[{"id":10086663,"href":"https:\/\/dil-ev.de\/en\/wp-json\/wp\/v2\/posts\/10086631\/revisions\/10086663"}],"wp:featuredmedia":[{"embeddable":true,"href":"https:\/\/dil-ev.de\/en\/wp-json\/wp\/v2\/media\/10086497"}],"wp:attachment":[{"href":"https:\/\/dil-ev.de\/en\/wp-json\/wp\/v2\/media?parent=10086631"}],"wp:term":[{"taxonomy":"category","embeddable":true,"href":"https:\/\/dil-ev.de\/en\/wp-json\/wp\/v2\/categories?post=10086631"},{"taxonomy":"post_tag","embeddable":true,"href":"https:\/\/dil-ev.de\/en\/wp-json\/wp\/v2\/tags?post=10086631"},{"taxonomy":"wf_post_folders","embeddable":true,"href":"https:\/\/dil-ev.de\/en\/wp-json\/wp\/v2\/wf_post_folders?post=10086631"}],"curies":[{"name":"wp","href":"https:\/\/api.w.org\/{rel}","templated":true}]}}